{"id":822,"date":"2025-01-26T18:02:15","date_gmt":"2025-01-26T17:02:15","guid":{"rendered":"https:\/\/eventdjwesel.de\/startseite\/?p=822"},"modified":"2025-01-26T20:08:55","modified_gmt":"2025-01-26T19:08:55","slug":"rackblende","status":"publish","type":"post","link":"https:\/\/eventdjwesel.de\/startseite\/2025\/01\/26\/rackblende\/","title":{"rendered":"Endstufen- Rack- Blende"},"content":{"rendered":"\n<p>Ein Endstufenrack sollte immer professionell verkabelt sein. Bei einem Zusammenspiel von Systemendstufen und Leistungsendstufen, ist das nicht immer ganz einfach. Am sinnvollsten ist es, wenn man alles von vorne anschlie\u00dfen kann. Somit m\u00fcssen alle Anschl\u00fcsse nach vorne gelegt werden.<\/p>\n\n\n<div class=\"wp-block-image\">\n<figure class=\"alignleft size-large is-resized\"><img loading=\"lazy\" decoding=\"async\" width=\"1024\" height=\"768\" src=\"https:\/\/eventdjwesel.de\/wp-content\/uploads\/2025\/01\/C714D161-AF43-4F85-B9BC-05E373E4BF45-1024x768.jpeg\" alt=\"\" class=\"wp-image-823\" style=\"width:377px;height:auto\" srcset=\"https:\/\/eventdjwesel.de\/wp-content\/uploads\/2025\/01\/C714D161-AF43-4F85-B9BC-05E373E4BF45-1024x768.jpeg 1024w, https:\/\/eventdjwesel.de\/wp-content\/uploads\/2025\/01\/C714D161-AF43-4F85-B9BC-05E373E4BF45-300x225.jpeg 300w, https:\/\/eventdjwesel.de\/wp-content\/uploads\/2025\/01\/C714D161-AF43-4F85-B9BC-05E373E4BF45-768x576.jpeg 768w, https:\/\/eventdjwesel.de\/wp-content\/uploads\/2025\/01\/C714D161-AF43-4F85-B9BC-05E373E4BF45-1536x1152.jpeg 1536w, https:\/\/eventdjwesel.de\/wp-content\/uploads\/2025\/01\/C714D161-AF43-4F85-B9BC-05E373E4BF45-2048x1536.jpeg 2048w, https:\/\/eventdjwesel.de\/wp-content\/uploads\/2025\/01\/C714D161-AF43-4F85-B9BC-05E373E4BF45-676x507.jpeg 676w\" sizes=\"auto, (max-width: 1024px) 100vw, 1024px\" \/><\/figure>\n<\/div>\n\n\n<p>Zum einen wollen wir mit unserem Musiksignal zu den Endstufen kommen. Zum anderen m\u00fcssen wir von den Endstufen zu den Lautsprechern. Hier ist eine Menge Kabel im Spiel. <\/p>\n\n\n\n<p>Sch\u00f6n ist es, wenn wir das Rack auch von vorne mit Strom versorgen k\u00f6nnen. Gleichzeitig haben wir auch einen Stromabzweig, der wieder heraus kommt. Hier nat\u00fcrlich alles mit Powercon von Neutrik verkabelt. <\/p>\n\n\n\n<!--more-->\n\n\n<div class=\"wp-block-image\">\n<figure class=\"alignright size-large is-resized\"><img loading=\"lazy\" decoding=\"async\" width=\"768\" height=\"1024\" src=\"https:\/\/eventdjwesel.de\/wp-content\/uploads\/2025\/01\/84A6699A-6D19-4D0A-9C5C-EB0307DAB421-768x1024.jpeg\" alt=\"\" class=\"wp-image-827\" style=\"width:287px;height:auto\" srcset=\"https:\/\/eventdjwesel.de\/wp-content\/uploads\/2025\/01\/84A6699A-6D19-4D0A-9C5C-EB0307DAB421-768x1024.jpeg 768w, https:\/\/eventdjwesel.de\/wp-content\/uploads\/2025\/01\/84A6699A-6D19-4D0A-9C5C-EB0307DAB421-225x300.jpeg 225w, https:\/\/eventdjwesel.de\/wp-content\/uploads\/2025\/01\/84A6699A-6D19-4D0A-9C5C-EB0307DAB421-1152x1536.jpeg 1152w, https:\/\/eventdjwesel.de\/wp-content\/uploads\/2025\/01\/84A6699A-6D19-4D0A-9C5C-EB0307DAB421-1536x2048.jpeg 1536w, https:\/\/eventdjwesel.de\/wp-content\/uploads\/2025\/01\/84A6699A-6D19-4D0A-9C5C-EB0307DAB421-676x901.jpeg 676w, https:\/\/eventdjwesel.de\/wp-content\/uploads\/2025\/01\/84A6699A-6D19-4D0A-9C5C-EB0307DAB421-scaled.jpeg 1920w\" sizes=\"auto, (max-width: 768px) 100vw, 768px\" \/><\/figure>\n<\/div>\n\n\n<p>Nat\u00fcrlich ist alles in einem Case verkabelt und wir sparen wertvolle Aufbauzeit bei einer Veranstaltung. Hier hei\u00dft es dann nur noch, das Case hinstellen, \u00f6ffnen und die Kabel anschlie\u00dfen. Durch unser Hybrid aufgebautes System, entstehen eine Vielzahl von Anschlussm\u00f6glichkeiten.<\/p>\n\n\n\n<p class=\"\/*Autor ausblenden*\/ .meta-author { display:none; }  \/*Datum ausblenden*\/ .meta-date { display:none; }\">Angefangen von dem System mit zwei B\u00e4ssen und den hervorragend klingenden Gala28 Lautsprecher von PL-Audio bis hin zu vier B\u00e4sse mit zwei Banana Array, mit dem es m\u00f6glich ist, auch Feiern mit bis zu 500 Personen zu beschallen.<\/p>\n\n\n\n<figure class=\"wp-block-image size-large\"><img loading=\"lazy\" decoding=\"async\" width=\"1024\" height=\"768\" src=\"https:\/\/eventdjwesel.de\/wp-content\/uploads\/2025\/01\/9487AF09-E33B-416F-9939-E8BFA622DA33-1024x768.jpeg\" alt=\"\" class=\"wp-image-828\" srcset=\"https:\/\/eventdjwesel.de\/wp-content\/uploads\/2025\/01\/9487AF09-E33B-416F-9939-E8BFA622DA33-1024x768.jpeg 1024w, https:\/\/eventdjwesel.de\/wp-content\/uploads\/2025\/01\/9487AF09-E33B-416F-9939-E8BFA622DA33-300x225.jpeg 300w, https:\/\/eventdjwesel.de\/wp-content\/uploads\/2025\/01\/9487AF09-E33B-416F-9939-E8BFA622DA33-768x576.jpeg 768w, https:\/\/eventdjwesel.de\/wp-content\/uploads\/2025\/01\/9487AF09-E33B-416F-9939-E8BFA622DA33-1536x1152.jpeg 1536w, https:\/\/eventdjwesel.de\/wp-content\/uploads\/2025\/01\/9487AF09-E33B-416F-9939-E8BFA622DA33-2048x1536.jpeg 2048w, https:\/\/eventdjwesel.de\/wp-content\/uploads\/2025\/01\/9487AF09-E33B-416F-9939-E8BFA622DA33-676x507.jpeg 676w\" sizes=\"auto, (max-width: 1024px) 100vw, 1024px\" \/><\/figure>\n","protected":false},"excerpt":{"rendered":"<p>Ein Endstufenrack sollte immer professionell verkabelt sein. Bei einem Zusammenspiel von Systemendstufen und Leistungsendstufen, ist das nicht immer ganz einfach. Am sinnvollsten ist es, wenn man alles von vorne anschlie\u00dfen kann. Somit m\u00fcssen alle Anschl\u00fcsse nach vorne gelegt werden. Zum einen wollen wir mit unserem Musiksignal zu den Endstufen kommen. Zum anderen m\u00fcssen wir von [&hellip;]<\/p>\n","protected":false},"author":1,"featured_media":0,"comment_status":"closed","ping_status":"closed","sticky":false,"template":"","format":"standard","meta":{"ngg_post_thumbnail":0,"footnotes":""},"categories":[4],"tags":[],"class_list":["post-822","post","type-post","status-publish","format-standard","hentry","category-news","post-preview"],"yoast_head":"<!-- This site is optimized with the Yoast SEO plugin v27.1.1 - https:\/\/yoast.com\/product\/yoast-seo-wordpress\/ -->\n<title>Endstufen- Rack- Blende -<\/title>\n<meta name=\"robots\" content=\"index, follow, max-snippet:-1, max-image-preview:large, max-video-preview:-1\" \/>\n<link rel=\"canonical\" href=\"https:\/\/eventdjwesel.de\/startseite\/2025\/01\/26\/rackblende\/\" \/>\n<meta property=\"og:locale\" content=\"de_DE\" \/>\n<meta property=\"og:type\" content=\"article\" \/>\n<meta property=\"og:title\" content=\"Endstufen- Rack- Blende -\" \/>\n<meta property=\"og:description\" content=\"Ein Endstufenrack sollte immer professionell verkabelt sein. Bei einem Zusammenspiel von Systemendstufen und Leistungsendstufen, ist das nicht immer ganz einfach. Am sinnvollsten ist es, wenn man alles von vorne anschlie\u00dfen kann. Somit m\u00fcssen alle Anschl\u00fcsse nach vorne gelegt werden. Zum einen wollen wir mit unserem Musiksignal zu den Endstufen kommen. Zum anderen m\u00fcssen wir von [&hellip;]\" \/>\n<meta property=\"og:url\" content=\"https:\/\/eventdjwesel.de\/startseite\/2025\/01\/26\/rackblende\/\" \/>\n<meta property=\"article:published_time\" content=\"2025-01-26T17:02:15+00:00\" \/>\n<meta property=\"article:modified_time\" content=\"2025-01-26T19:08:55+00:00\" \/>\n<meta property=\"og:image\" content=\"https:\/\/eventdjwesel.de\/wp-content\/uploads\/2025\/01\/C714D161-AF43-4F85-B9BC-05E373E4BF45-scaled.jpeg\" \/>\n\t<meta property=\"og:image:width\" content=\"2560\" \/>\n\t<meta property=\"og:image:height\" content=\"1920\" \/>\n\t<meta property=\"og:image:type\" content=\"image\/jpeg\" \/>\n<meta name=\"author\" content=\"Sebastian\" \/>\n<meta name=\"twitter:card\" content=\"summary_large_image\" \/>\n<meta name=\"twitter:label1\" content=\"Verfasst von\" \/>\n\t<meta name=\"twitter:data1\" content=\"Sebastian\" \/>\n\t<meta name=\"twitter:label2\" content=\"Gesch\u00e4tzte Lesezeit\" \/>\n\t<meta name=\"twitter:data2\" content=\"1\u00a0Minute\" \/>\n<script type=\"application\/ld+json\" class=\"yoast-schema-graph\">{\"@context\":\"https:\/\/schema.org\",\"@graph\":[{\"@type\":\"Article\",\"@id\":\"https:\/\/eventdjwesel.de\/startseite\/2025\/01\/26\/rackblende\/#article\",\"isPartOf\":{\"@id\":\"https:\/\/eventdjwesel.de\/startseite\/2025\/01\/26\/rackblende\/\"},\"author\":{\"name\":\"Sebastian\",\"@id\":\"https:\/\/eventdjwesel.de\/startseite\/#\/schema\/person\/31f558164f98467252459467e930f639\"},\"headline\":\"Endstufen- Rack- Blende\",\"datePublished\":\"2025-01-26T17:02:15+00:00\",\"dateModified\":\"2025-01-26T19:08:55+00:00\",\"mainEntityOfPage\":{\"@id\":\"https:\/\/eventdjwesel.de\/startseite\/2025\/01\/26\/rackblende\/\"},\"wordCount\":192,\"image\":{\"@id\":\"https:\/\/eventdjwesel.de\/startseite\/2025\/01\/26\/rackblende\/#primaryimage\"},\"thumbnailUrl\":\"https:\/\/eventdjwesel.de\/wp-content\/uploads\/2025\/01\/C714D161-AF43-4F85-B9BC-05E373E4BF45-1024x768.jpeg\",\"articleSection\":[\"New\u00b4s\"],\"inLanguage\":\"de\"},{\"@type\":\"WebPage\",\"@id\":\"https:\/\/eventdjwesel.de\/startseite\/2025\/01\/26\/rackblende\/\",\"url\":\"https:\/\/eventdjwesel.de\/startseite\/2025\/01\/26\/rackblende\/\",\"name\":\"Endstufen- Rack- Blende -\",\"isPartOf\":{\"@id\":\"https:\/\/eventdjwesel.de\/startseite\/#website\"},\"primaryImageOfPage\":{\"@id\":\"https:\/\/eventdjwesel.de\/startseite\/2025\/01\/26\/rackblende\/#primaryimage\"},\"image\":{\"@id\":\"https:\/\/eventdjwesel.de\/startseite\/2025\/01\/26\/rackblende\/#primaryimage\"},\"thumbnailUrl\":\"https:\/\/eventdjwesel.de\/wp-content\/uploads\/2025\/01\/C714D161-AF43-4F85-B9BC-05E373E4BF45-1024x768.jpeg\",\"datePublished\":\"2025-01-26T17:02:15+00:00\",\"dateModified\":\"2025-01-26T19:08:55+00:00\",\"author\":{\"@id\":\"https:\/\/eventdjwesel.de\/startseite\/#\/schema\/person\/31f558164f98467252459467e930f639\"},\"breadcrumb\":{\"@id\":\"https:\/\/eventdjwesel.de\/startseite\/2025\/01\/26\/rackblende\/#breadcrumb\"},\"inLanguage\":\"de\",\"potentialAction\":[{\"@type\":\"ReadAction\",\"target\":[\"https:\/\/eventdjwesel.de\/startseite\/2025\/01\/26\/rackblende\/\"]}]},{\"@type\":\"ImageObject\",\"inLanguage\":\"de\",\"@id\":\"https:\/\/eventdjwesel.de\/startseite\/2025\/01\/26\/rackblende\/#primaryimage\",\"url\":\"https:\/\/eventdjwesel.de\/wp-content\/uploads\/2025\/01\/C714D161-AF43-4F85-B9BC-05E373E4BF45-1024x768.jpeg\",\"contentUrl\":\"https:\/\/eventdjwesel.de\/wp-content\/uploads\/2025\/01\/C714D161-AF43-4F85-B9BC-05E373E4BF45-1024x768.jpeg\"},{\"@type\":\"BreadcrumbList\",\"@id\":\"https:\/\/eventdjwesel.de\/startseite\/2025\/01\/26\/rackblende\/#breadcrumb\",\"itemListElement\":[{\"@type\":\"ListItem\",\"position\":1,\"name\":\"Start\",\"item\":\"https:\/\/eventdjwesel.de\/startseite\/\"},{\"@type\":\"ListItem\",\"position\":2,\"name\":\"Endstufen- Rack- Blende\"}]},{\"@type\":\"WebSite\",\"@id\":\"https:\/\/eventdjwesel.de\/startseite\/#website\",\"url\":\"https:\/\/eventdjwesel.de\/startseite\/\",\"name\":\"\",\"description\":\"\",\"potentialAction\":[{\"@type\":\"SearchAction\",\"target\":{\"@type\":\"EntryPoint\",\"urlTemplate\":\"https:\/\/eventdjwesel.de\/startseite\/?s={search_term_string}\"},\"query-input\":{\"@type\":\"PropertyValueSpecification\",\"valueRequired\":true,\"valueName\":\"search_term_string\"}}],\"inLanguage\":\"de\"},{\"@type\":\"Person\",\"@id\":\"https:\/\/eventdjwesel.de\/startseite\/#\/schema\/person\/31f558164f98467252459467e930f639\",\"name\":\"Sebastian\",\"image\":{\"@type\":\"ImageObject\",\"inLanguage\":\"de\",\"@id\":\"https:\/\/eventdjwesel.de\/startseite\/#\/schema\/person\/image\/\",\"url\":\"https:\/\/secure.gravatar.com\/avatar\/1b48dfc1be92d8cd6a66bc7145ca35f0ac00f95c103fd25b2a1220faa2204403?s=96&d=mm&r=g\",\"contentUrl\":\"https:\/\/secure.gravatar.com\/avatar\/1b48dfc1be92d8cd6a66bc7145ca35f0ac00f95c103fd25b2a1220faa2204403?s=96&d=mm&r=g\",\"caption\":\"Sebastian\"},\"sameAs\":[\"https:\/\/eventdjwesel.de\"],\"url\":\"https:\/\/eventdjwesel.de\/startseite\/author\/sebastian\/\"}]}<\/script>\n<!-- \/ Yoast SEO plugin. -->","yoast_head_json":{"title":"Endstufen- Rack- Blende -","robots":{"index":"index","follow":"follow","max-snippet":"max-snippet:-1","max-image-preview":"max-image-preview:large","max-video-preview":"max-video-preview:-1"},"canonical":"https:\/\/eventdjwesel.de\/startseite\/2025\/01\/26\/rackblende\/","og_locale":"de_DE","og_type":"article","og_title":"Endstufen- Rack- Blende -","og_description":"Ein Endstufenrack sollte immer professionell verkabelt sein. Bei einem Zusammenspiel von Systemendstufen und Leistungsendstufen, ist das nicht immer ganz einfach. Am sinnvollsten ist es, wenn man alles von vorne anschlie\u00dfen kann. Somit m\u00fcssen alle Anschl\u00fcsse nach vorne gelegt werden. Zum einen wollen wir mit unserem Musiksignal zu den Endstufen kommen. Zum anderen m\u00fcssen wir von [&hellip;]","og_url":"https:\/\/eventdjwesel.de\/startseite\/2025\/01\/26\/rackblende\/","article_published_time":"2025-01-26T17:02:15+00:00","article_modified_time":"2025-01-26T19:08:55+00:00","og_image":[{"width":2560,"height":1920,"url":"https:\/\/eventdjwesel.de\/wp-content\/uploads\/2025\/01\/C714D161-AF43-4F85-B9BC-05E373E4BF45-scaled.jpeg","type":"image\/jpeg"}],"author":"Sebastian","twitter_card":"summary_large_image","twitter_misc":{"Verfasst von":"Sebastian","Gesch\u00e4tzte Lesezeit":"1\u00a0Minute"},"schema":{"@context":"https:\/\/schema.org","@graph":[{"@type":"Article","@id":"https:\/\/eventdjwesel.de\/startseite\/2025\/01\/26\/rackblende\/#article","isPartOf":{"@id":"https:\/\/eventdjwesel.de\/startseite\/2025\/01\/26\/rackblende\/"},"author":{"name":"Sebastian","@id":"https:\/\/eventdjwesel.de\/startseite\/#\/schema\/person\/31f558164f98467252459467e930f639"},"headline":"Endstufen- Rack- Blende","datePublished":"2025-01-26T17:02:15+00:00","dateModified":"2025-01-26T19:08:55+00:00","mainEntityOfPage":{"@id":"https:\/\/eventdjwesel.de\/startseite\/2025\/01\/26\/rackblende\/"},"wordCount":192,"image":{"@id":"https:\/\/eventdjwesel.de\/startseite\/2025\/01\/26\/rackblende\/#primaryimage"},"thumbnailUrl":"https:\/\/eventdjwesel.de\/wp-content\/uploads\/2025\/01\/C714D161-AF43-4F85-B9BC-05E373E4BF45-1024x768.jpeg","articleSection":["New\u00b4s"],"inLanguage":"de"},{"@type":"WebPage","@id":"https:\/\/eventdjwesel.de\/startseite\/2025\/01\/26\/rackblende\/","url":"https:\/\/eventdjwesel.de\/startseite\/2025\/01\/26\/rackblende\/","name":"Endstufen- Rack- Blende -","isPartOf":{"@id":"https:\/\/eventdjwesel.de\/startseite\/#website"},"primaryImageOfPage":{"@id":"https:\/\/eventdjwesel.de\/startseite\/2025\/01\/26\/rackblende\/#primaryimage"},"image":{"@id":"https:\/\/eventdjwesel.de\/startseite\/2025\/01\/26\/rackblende\/#primaryimage"},"thumbnailUrl":"https:\/\/eventdjwesel.de\/wp-content\/uploads\/2025\/01\/C714D161-AF43-4F85-B9BC-05E373E4BF45-1024x768.jpeg","datePublished":"2025-01-26T17:02:15+00:00","dateModified":"2025-01-26T19:08:55+00:00","author":{"@id":"https:\/\/eventdjwesel.de\/startseite\/#\/schema\/person\/31f558164f98467252459467e930f639"},"breadcrumb":{"@id":"https:\/\/eventdjwesel.de\/startseite\/2025\/01\/26\/rackblende\/#breadcrumb"},"inLanguage":"de","potentialAction":[{"@type":"ReadAction","target":["https:\/\/eventdjwesel.de\/startseite\/2025\/01\/26\/rackblende\/"]}]},{"@type":"ImageObject","inLanguage":"de","@id":"https:\/\/eventdjwesel.de\/startseite\/2025\/01\/26\/rackblende\/#primaryimage","url":"https:\/\/eventdjwesel.de\/wp-content\/uploads\/2025\/01\/C714D161-AF43-4F85-B9BC-05E373E4BF45-1024x768.jpeg","contentUrl":"https:\/\/eventdjwesel.de\/wp-content\/uploads\/2025\/01\/C714D161-AF43-4F85-B9BC-05E373E4BF45-1024x768.jpeg"},{"@type":"BreadcrumbList","@id":"https:\/\/eventdjwesel.de\/startseite\/2025\/01\/26\/rackblende\/#breadcrumb","itemListElement":[{"@type":"ListItem","position":1,"name":"Start","item":"https:\/\/eventdjwesel.de\/startseite\/"},{"@type":"ListItem","position":2,"name":"Endstufen- Rack- Blende"}]},{"@type":"WebSite","@id":"https:\/\/eventdjwesel.de\/startseite\/#website","url":"https:\/\/eventdjwesel.de\/startseite\/","name":"","description":"","potentialAction":[{"@type":"SearchAction","target":{"@type":"EntryPoint","urlTemplate":"https:\/\/eventdjwesel.de\/startseite\/?s={search_term_string}"},"query-input":{"@type":"PropertyValueSpecification","valueRequired":true,"valueName":"search_term_string"}}],"inLanguage":"de"},{"@type":"Person","@id":"https:\/\/eventdjwesel.de\/startseite\/#\/schema\/person\/31f558164f98467252459467e930f639","name":"Sebastian","image":{"@type":"ImageObject","inLanguage":"de","@id":"https:\/\/eventdjwesel.de\/startseite\/#\/schema\/person\/image\/","url":"https:\/\/secure.gravatar.com\/avatar\/1b48dfc1be92d8cd6a66bc7145ca35f0ac00f95c103fd25b2a1220faa2204403?s=96&d=mm&r=g","contentUrl":"https:\/\/secure.gravatar.com\/avatar\/1b48dfc1be92d8cd6a66bc7145ca35f0ac00f95c103fd25b2a1220faa2204403?s=96&d=mm&r=g","caption":"Sebastian"},"sameAs":["https:\/\/eventdjwesel.de"],"url":"https:\/\/eventdjwesel.de\/startseite\/author\/sebastian\/"}]}},"_links":{"self":[{"href":"https:\/\/eventdjwesel.de\/startseite\/wp-json\/wp\/v2\/posts\/822","targetHints":{"allow":["GET"]}}],"collection":[{"href":"https:\/\/eventdjwesel.de\/startseite\/wp-json\/wp\/v2\/posts"}],"about":[{"href":"https:\/\/eventdjwesel.de\/startseite\/wp-json\/wp\/v2\/types\/post"}],"author":[{"embeddable":true,"href":"https:\/\/eventdjwesel.de\/startseite\/wp-json\/wp\/v2\/users\/1"}],"replies":[{"embeddable":true,"href":"https:\/\/eventdjwesel.de\/startseite\/wp-json\/wp\/v2\/comments?post=822"}],"version-history":[{"count":6,"href":"https:\/\/eventdjwesel.de\/startseite\/wp-json\/wp\/v2\/posts\/822\/revisions"}],"predecessor-version":[{"id":849,"href":"https:\/\/eventdjwesel.de\/startseite\/wp-json\/wp\/v2\/posts\/822\/revisions\/849"}],"wp:attachment":[{"href":"https:\/\/eventdjwesel.de\/startseite\/wp-json\/wp\/v2\/media?parent=822"}],"wp:term":[{"taxonomy":"category","embeddable":true,"href":"https:\/\/eventdjwesel.de\/startseite\/wp-json\/wp\/v2\/categories?post=822"},{"taxonomy":"post_tag","embeddable":true,"href":"https:\/\/eventdjwesel.de\/startseite\/wp-json\/wp\/v2\/tags?post=822"}],"curies":[{"name":"wp","href":"https:\/\/api.w.org\/{rel}","templated":true}]}}