{"id":1086,"date":"2025-12-28T23:32:11","date_gmt":"2025-12-28T22:32:11","guid":{"rendered":"https:\/\/eventdjwesel.de\/startseite\/?p=1086"},"modified":"2025-12-28T23:35:08","modified_gmt":"2025-12-28T22:35:08","slug":"jedes-jahr-gibt-es-neue-projekte","status":"publish","type":"post","link":"https:\/\/eventdjwesel.de\/startseite\/2025\/12\/28\/jedes-jahr-gibt-es-neue-projekte\/","title":{"rendered":"Jedes Jahr gibt es neue Projekte"},"content":{"rendered":"\n<p>Das Jahr 2025 neigt sich dem Ende und die ersten Projekte f\u00fcr 2026 stehen in den Startl\u00f6chern. Das die Fotokiste 1.0 ein Upgrade bekommen soll, stand ja schon 2024 fest. Durch die lange Auszeit hat sich das weiter verschoben und es mussten andere Priorit\u00e4ten gesetzt werden. Das Endstufencase wurde final 2025 fertig gestellt und war auch schon erfolgreich im Einsatz. <\/p>\n\n\n\n<p>Was w\u00fcnscht man sich mehr als ein gut funktionierendes Rack, bei dem der Aufbau schnell und unkompliziert funktioniert. Das sieht nicht nur gut aus sondern spart auch Zeit beim Auf- &amp; Abbauen. <\/p>\n\n\n\n<figure class=\"wp-block-gallery alignleft has-nested-images columns-default is-cropped wp-block-gallery-1 is-layout-flex wp-block-gallery-is-layout-flex\">\n<figure class=\"wp-block-image size-large\"><img loading=\"lazy\" decoding=\"async\" width=\"1024\" height=\"768\" data-id=\"1088\" src=\"https:\/\/eventdjwesel.de\/wp-content\/uploads\/2025\/12\/IMG_9338-1-1024x768.jpg\" alt=\"\" class=\"wp-image-1088\" srcset=\"https:\/\/eventdjwesel.de\/wp-content\/uploads\/2025\/12\/IMG_9338-1-1024x768.jpg 1024w, https:\/\/eventdjwesel.de\/wp-content\/uploads\/2025\/12\/IMG_9338-1-300x225.jpg 300w, https:\/\/eventdjwesel.de\/wp-content\/uploads\/2025\/12\/IMG_9338-1-768x576.jpg 768w, https:\/\/eventdjwesel.de\/wp-content\/uploads\/2025\/12\/IMG_9338-1-1536x1152.jpg 1536w, https:\/\/eventdjwesel.de\/wp-content\/uploads\/2025\/12\/IMG_9338-1-2048x1536.jpg 2048w, https:\/\/eventdjwesel.de\/wp-content\/uploads\/2025\/12\/IMG_9338-1-676x507.jpg 676w\" sizes=\"auto, (max-width: 1024px) 100vw, 1024px\" \/><\/figure>\n<\/figure>\n\n\n\n<p>2025 stand ganz im Fokus, sich mit den verschiedenen DSP auseinander zu setzen und zu lernen, wie was funktioniert und was eingestellt werden muss, um das bestm\u00f6gliche Ergebnis zu erhalten. Das DSP480 von PL-Audio ist ein All-DSP, welches ihren Dienst perfekt erledigt.<\/p>\n\n\n\n<p>Durch die gro\u00dfe Endstufenpower musste aber auch ein Stromkonzept entwickelt werden, damit wir immer auf der sicheren Seite sind und nicht mitten in einer Veranstaltung die Sicherung fliegt. Der Botex PSA-161 arbeitet gut und sch\u00fctzt die Ger\u00e4te.<\/p>\n\n\n\n<p>Aber warum jetzt ein neues Projekt? Das Rack ist doch super! Klicke auf <\/p>\n\n\n\n<!--more-->\n\n\n<div class=\"wp-block-image\">\n<figure class=\"alignright size-large is-resized\"><img loading=\"lazy\" decoding=\"async\" width=\"1024\" height=\"768\" src=\"https:\/\/eventdjwesel.de\/wp-content\/uploads\/2025\/12\/IMG_9337-1024x768.jpg\" alt=\"\" class=\"wp-image-1089\" style=\"width:351px;height:auto\" srcset=\"https:\/\/eventdjwesel.de\/wp-content\/uploads\/2025\/12\/IMG_9337-1024x768.jpg 1024w, https:\/\/eventdjwesel.de\/wp-content\/uploads\/2025\/12\/IMG_9337-300x225.jpg 300w, https:\/\/eventdjwesel.de\/wp-content\/uploads\/2025\/12\/IMG_9337-768x576.jpg 768w, https:\/\/eventdjwesel.de\/wp-content\/uploads\/2025\/12\/IMG_9337-1536x1152.jpg 1536w, https:\/\/eventdjwesel.de\/wp-content\/uploads\/2025\/12\/IMG_9337-2048x1536.jpg 2048w, https:\/\/eventdjwesel.de\/wp-content\/uploads\/2025\/12\/IMG_9337-676x507.jpg 676w\" sizes=\"auto, (max-width: 1024px) 100vw, 1024px\" \/><\/figure>\n<\/div>\n\n\n<p>Wie man auf der R\u00fcckseite des Racks sehen kann ist doch nicht alles so super. Ende des Jaheres 2025 musste noch ein Behringer XR18 mit ins Case wandern. Das hatte auch noch so gerade Platz und funktioniert auch gut. Um Aber noch Zeit zu sparen, sollten auch die Funkstrecken mit ins Rack und auch der Router bzw. Netzwerkswitch. Da kann man sich vorstellen, dass es in einem 8HE hohem Rack nicht mehr ganz passt.  Also geht es ab Januar mit einem neuem 12HE hohem Rack weiter. In diesem Zug werden auch gleich alle Lautsprecherkabel von 4&#215;2,5mm<sup>2<\/sup> auf 4&#215;4,0mm<sup>2<\/sup> umgestellt. Leistungsstarke Lautsprecher brauchen halt auch einen dickeren Querschnitt. <\/p>\n\n\n\n<p>Mein zweites Projekt wird die neue LightCommand Station sein. Hier wird alles auf einem seperaten Computer umgestellt und als Haupsteuerung wird Daslight 5 eingesetzt. Als Interface wird das Daslight DVC GOLD ZM 1536 DMX Kan\u00e4len mit drei Universen zum Einsatz kommen. Ein 24&#8243; Monitor und ein Midi Interface werden das Gesamtpaket abrunden. Das Case wird genau auf meine W\u00fcnsche hin gebaut und auch hier wird nichts dem Zufall \u00fcberlassen. Auch diese LightCommand Station wird voll und mit dem Endstufenrack vernetzt werden. Mit dem gro\u00dfen Monitor und dem leistungsstarkem Rechner wird auch das DSP der Endstufen und das DSP von PL-Audio gesteuert. Gleichzeitig wird auch hier das Digitalmischpult eingestellt. Die Station wird also zu einer Multifunktionalen Workstation. Bei gr\u00f6\u00dferen Produktionen oder wenn der Nachwuchs eingearbeitet wird, fangen wir hier mit den Basics an und lernen Licht zu steuern, die verschiedenen DSPs einzustellen und einen Liveauftritt abzumischen. <\/p>\n\n\n\n<p>Hierzu dann aber im Fr\u00fchjahr mehr. <\/p>\n\n\n\n<p><\/p>\n","protected":false},"excerpt":{"rendered":"<p>Das Jahr 2025 neigt sich dem Ende und die ersten Projekte f\u00fcr 2026 stehen in den Startl\u00f6chern. Das die Fotokiste 1.0 ein Upgrade bekommen soll, stand ja schon 2024 fest. Durch die lange Auszeit hat sich das weiter verschoben und es mussten andere Priorit\u00e4ten gesetzt werden. Das Endstufencase wurde final 2025 fertig gestellt und war [&hellip;]<\/p>\n","protected":false},"author":1,"featured_media":0,"comment_status":"closed","ping_status":"","sticky":false,"template":"","format":"standard","meta":{"ngg_post_thumbnail":0,"footnotes":""},"categories":[4],"tags":[],"class_list":["post-1086","post","type-post","status-publish","format-standard","hentry","category-news","post-preview"],"yoast_head":"<!-- This site is optimized with the Yoast SEO plugin v27.1.1 - https:\/\/yoast.com\/product\/yoast-seo-wordpress\/ -->\n<title>Jedes Jahr gibt es neue Projekte -<\/title>\n<meta name=\"robots\" content=\"index, follow, max-snippet:-1, max-image-preview:large, max-video-preview:-1\" \/>\n<link rel=\"canonical\" href=\"https:\/\/eventdjwesel.de\/startseite\/2025\/12\/28\/jedes-jahr-gibt-es-neue-projekte\/\" \/>\n<meta property=\"og:locale\" content=\"de_DE\" \/>\n<meta property=\"og:type\" content=\"article\" \/>\n<meta property=\"og:title\" content=\"Jedes Jahr gibt es neue Projekte -\" \/>\n<meta property=\"og:description\" content=\"Das Jahr 2025 neigt sich dem Ende und die ersten Projekte f\u00fcr 2026 stehen in den Startl\u00f6chern. Das die Fotokiste 1.0 ein Upgrade bekommen soll, stand ja schon 2024 fest. Durch die lange Auszeit hat sich das weiter verschoben und es mussten andere Priorit\u00e4ten gesetzt werden. Das Endstufencase wurde final 2025 fertig gestellt und war [&hellip;]\" \/>\n<meta property=\"og:url\" content=\"https:\/\/eventdjwesel.de\/startseite\/2025\/12\/28\/jedes-jahr-gibt-es-neue-projekte\/\" \/>\n<meta property=\"article:published_time\" content=\"2025-12-28T22:32:11+00:00\" \/>\n<meta property=\"article:modified_time\" content=\"2025-12-28T22:35:08+00:00\" \/>\n<meta property=\"og:image\" content=\"https:\/\/eventdjwesel.de\/wp-content\/uploads\/2025\/12\/IMG_9338-1-scaled.jpg\" \/>\n\t<meta property=\"og:image:width\" content=\"2560\" \/>\n\t<meta property=\"og:image:height\" content=\"1920\" \/>\n\t<meta property=\"og:image:type\" content=\"image\/jpeg\" \/>\n<meta name=\"author\" content=\"Sebastian\" \/>\n<meta name=\"twitter:card\" content=\"summary_large_image\" \/>\n<meta name=\"twitter:label1\" content=\"Verfasst von\" \/>\n\t<meta name=\"twitter:data1\" content=\"Sebastian\" \/>\n\t<meta name=\"twitter:label2\" content=\"Gesch\u00e4tzte Lesezeit\" \/>\n\t<meta name=\"twitter:data2\" content=\"2\u00a0Minuten\" \/>\n<script type=\"application\/ld+json\" class=\"yoast-schema-graph\">{\"@context\":\"https:\/\/schema.org\",\"@graph\":[{\"@type\":\"Article\",\"@id\":\"https:\/\/eventdjwesel.de\/startseite\/2025\/12\/28\/jedes-jahr-gibt-es-neue-projekte\/#article\",\"isPartOf\":{\"@id\":\"https:\/\/eventdjwesel.de\/startseite\/2025\/12\/28\/jedes-jahr-gibt-es-neue-projekte\/\"},\"author\":{\"name\":\"Sebastian\",\"@id\":\"https:\/\/eventdjwesel.de\/startseite\/#\/schema\/person\/31f558164f98467252459467e930f639\"},\"headline\":\"Jedes Jahr gibt es neue Projekte\",\"datePublished\":\"2025-12-28T22:32:11+00:00\",\"dateModified\":\"2025-12-28T22:35:08+00:00\",\"mainEntityOfPage\":{\"@id\":\"https:\/\/eventdjwesel.de\/startseite\/2025\/12\/28\/jedes-jahr-gibt-es-neue-projekte\/\"},\"wordCount\":454,\"image\":{\"@id\":\"https:\/\/eventdjwesel.de\/startseite\/2025\/12\/28\/jedes-jahr-gibt-es-neue-projekte\/#primaryimage\"},\"thumbnailUrl\":\"https:\/\/eventdjwesel.de\/wp-content\/uploads\/2025\/12\/IMG_9338-1-1024x768.jpg\",\"articleSection\":[\"New\u00b4s\"],\"inLanguage\":\"de\"},{\"@type\":\"WebPage\",\"@id\":\"https:\/\/eventdjwesel.de\/startseite\/2025\/12\/28\/jedes-jahr-gibt-es-neue-projekte\/\",\"url\":\"https:\/\/eventdjwesel.de\/startseite\/2025\/12\/28\/jedes-jahr-gibt-es-neue-projekte\/\",\"name\":\"Jedes Jahr gibt es neue Projekte -\",\"isPartOf\":{\"@id\":\"https:\/\/eventdjwesel.de\/startseite\/#website\"},\"primaryImageOfPage\":{\"@id\":\"https:\/\/eventdjwesel.de\/startseite\/2025\/12\/28\/jedes-jahr-gibt-es-neue-projekte\/#primaryimage\"},\"image\":{\"@id\":\"https:\/\/eventdjwesel.de\/startseite\/2025\/12\/28\/jedes-jahr-gibt-es-neue-projekte\/#primaryimage\"},\"thumbnailUrl\":\"https:\/\/eventdjwesel.de\/wp-content\/uploads\/2025\/12\/IMG_9338-1-1024x768.jpg\",\"datePublished\":\"2025-12-28T22:32:11+00:00\",\"dateModified\":\"2025-12-28T22:35:08+00:00\",\"author\":{\"@id\":\"https:\/\/eventdjwesel.de\/startseite\/#\/schema\/person\/31f558164f98467252459467e930f639\"},\"breadcrumb\":{\"@id\":\"https:\/\/eventdjwesel.de\/startseite\/2025\/12\/28\/jedes-jahr-gibt-es-neue-projekte\/#breadcrumb\"},\"inLanguage\":\"de\",\"potentialAction\":[{\"@type\":\"ReadAction\",\"target\":[\"https:\/\/eventdjwesel.de\/startseite\/2025\/12\/28\/jedes-jahr-gibt-es-neue-projekte\/\"]}]},{\"@type\":\"ImageObject\",\"inLanguage\":\"de\",\"@id\":\"https:\/\/eventdjwesel.de\/startseite\/2025\/12\/28\/jedes-jahr-gibt-es-neue-projekte\/#primaryimage\",\"url\":\"https:\/\/eventdjwesel.de\/wp-content\/uploads\/2025\/12\/IMG_9338-1-1024x768.jpg\",\"contentUrl\":\"https:\/\/eventdjwesel.de\/wp-content\/uploads\/2025\/12\/IMG_9338-1-1024x768.jpg\"},{\"@type\":\"BreadcrumbList\",\"@id\":\"https:\/\/eventdjwesel.de\/startseite\/2025\/12\/28\/jedes-jahr-gibt-es-neue-projekte\/#breadcrumb\",\"itemListElement\":[{\"@type\":\"ListItem\",\"position\":1,\"name\":\"Start\",\"item\":\"https:\/\/eventdjwesel.de\/startseite\/\"},{\"@type\":\"ListItem\",\"position\":2,\"name\":\"Jedes Jahr gibt es neue Projekte\"}]},{\"@type\":\"WebSite\",\"@id\":\"https:\/\/eventdjwesel.de\/startseite\/#website\",\"url\":\"https:\/\/eventdjwesel.de\/startseite\/\",\"name\":\"\",\"description\":\"\",\"potentialAction\":[{\"@type\":\"SearchAction\",\"target\":{\"@type\":\"EntryPoint\",\"urlTemplate\":\"https:\/\/eventdjwesel.de\/startseite\/?s={search_term_string}\"},\"query-input\":{\"@type\":\"PropertyValueSpecification\",\"valueRequired\":true,\"valueName\":\"search_term_string\"}}],\"inLanguage\":\"de\"},{\"@type\":\"Person\",\"@id\":\"https:\/\/eventdjwesel.de\/startseite\/#\/schema\/person\/31f558164f98467252459467e930f639\",\"name\":\"Sebastian\",\"image\":{\"@type\":\"ImageObject\",\"inLanguage\":\"de\",\"@id\":\"https:\/\/eventdjwesel.de\/startseite\/#\/schema\/person\/image\/\",\"url\":\"https:\/\/secure.gravatar.com\/avatar\/1b48dfc1be92d8cd6a66bc7145ca35f0ac00f95c103fd25b2a1220faa2204403?s=96&d=mm&r=g\",\"contentUrl\":\"https:\/\/secure.gravatar.com\/avatar\/1b48dfc1be92d8cd6a66bc7145ca35f0ac00f95c103fd25b2a1220faa2204403?s=96&d=mm&r=g\",\"caption\":\"Sebastian\"},\"sameAs\":[\"https:\/\/eventdjwesel.de\"],\"url\":\"https:\/\/eventdjwesel.de\/startseite\/author\/sebastian\/\"}]}<\/script>\n<!-- \/ Yoast SEO plugin. -->","yoast_head_json":{"title":"Jedes Jahr gibt es neue Projekte -","robots":{"index":"index","follow":"follow","max-snippet":"max-snippet:-1","max-image-preview":"max-image-preview:large","max-video-preview":"max-video-preview:-1"},"canonical":"https:\/\/eventdjwesel.de\/startseite\/2025\/12\/28\/jedes-jahr-gibt-es-neue-projekte\/","og_locale":"de_DE","og_type":"article","og_title":"Jedes Jahr gibt es neue Projekte -","og_description":"Das Jahr 2025 neigt sich dem Ende und die ersten Projekte f\u00fcr 2026 stehen in den Startl\u00f6chern. Das die Fotokiste 1.0 ein Upgrade bekommen soll, stand ja schon 2024 fest. Durch die lange Auszeit hat sich das weiter verschoben und es mussten andere Priorit\u00e4ten gesetzt werden. Das Endstufencase wurde final 2025 fertig gestellt und war [&hellip;]","og_url":"https:\/\/eventdjwesel.de\/startseite\/2025\/12\/28\/jedes-jahr-gibt-es-neue-projekte\/","article_published_time":"2025-12-28T22:32:11+00:00","article_modified_time":"2025-12-28T22:35:08+00:00","og_image":[{"width":2560,"height":1920,"url":"https:\/\/eventdjwesel.de\/wp-content\/uploads\/2025\/12\/IMG_9338-1-scaled.jpg","type":"image\/jpeg"}],"author":"Sebastian","twitter_card":"summary_large_image","twitter_misc":{"Verfasst von":"Sebastian","Gesch\u00e4tzte Lesezeit":"2\u00a0Minuten"},"schema":{"@context":"https:\/\/schema.org","@graph":[{"@type":"Article","@id":"https:\/\/eventdjwesel.de\/startseite\/2025\/12\/28\/jedes-jahr-gibt-es-neue-projekte\/#article","isPartOf":{"@id":"https:\/\/eventdjwesel.de\/startseite\/2025\/12\/28\/jedes-jahr-gibt-es-neue-projekte\/"},"author":{"name":"Sebastian","@id":"https:\/\/eventdjwesel.de\/startseite\/#\/schema\/person\/31f558164f98467252459467e930f639"},"headline":"Jedes Jahr gibt es neue Projekte","datePublished":"2025-12-28T22:32:11+00:00","dateModified":"2025-12-28T22:35:08+00:00","mainEntityOfPage":{"@id":"https:\/\/eventdjwesel.de\/startseite\/2025\/12\/28\/jedes-jahr-gibt-es-neue-projekte\/"},"wordCount":454,"image":{"@id":"https:\/\/eventdjwesel.de\/startseite\/2025\/12\/28\/jedes-jahr-gibt-es-neue-projekte\/#primaryimage"},"thumbnailUrl":"https:\/\/eventdjwesel.de\/wp-content\/uploads\/2025\/12\/IMG_9338-1-1024x768.jpg","articleSection":["New\u00b4s"],"inLanguage":"de"},{"@type":"WebPage","@id":"https:\/\/eventdjwesel.de\/startseite\/2025\/12\/28\/jedes-jahr-gibt-es-neue-projekte\/","url":"https:\/\/eventdjwesel.de\/startseite\/2025\/12\/28\/jedes-jahr-gibt-es-neue-projekte\/","name":"Jedes Jahr gibt es neue Projekte -","isPartOf":{"@id":"https:\/\/eventdjwesel.de\/startseite\/#website"},"primaryImageOfPage":{"@id":"https:\/\/eventdjwesel.de\/startseite\/2025\/12\/28\/jedes-jahr-gibt-es-neue-projekte\/#primaryimage"},"image":{"@id":"https:\/\/eventdjwesel.de\/startseite\/2025\/12\/28\/jedes-jahr-gibt-es-neue-projekte\/#primaryimage"},"thumbnailUrl":"https:\/\/eventdjwesel.de\/wp-content\/uploads\/2025\/12\/IMG_9338-1-1024x768.jpg","datePublished":"2025-12-28T22:32:11+00:00","dateModified":"2025-12-28T22:35:08+00:00","author":{"@id":"https:\/\/eventdjwesel.de\/startseite\/#\/schema\/person\/31f558164f98467252459467e930f639"},"breadcrumb":{"@id":"https:\/\/eventdjwesel.de\/startseite\/2025\/12\/28\/jedes-jahr-gibt-es-neue-projekte\/#breadcrumb"},"inLanguage":"de","potentialAction":[{"@type":"ReadAction","target":["https:\/\/eventdjwesel.de\/startseite\/2025\/12\/28\/jedes-jahr-gibt-es-neue-projekte\/"]}]},{"@type":"ImageObject","inLanguage":"de","@id":"https:\/\/eventdjwesel.de\/startseite\/2025\/12\/28\/jedes-jahr-gibt-es-neue-projekte\/#primaryimage","url":"https:\/\/eventdjwesel.de\/wp-content\/uploads\/2025\/12\/IMG_9338-1-1024x768.jpg","contentUrl":"https:\/\/eventdjwesel.de\/wp-content\/uploads\/2025\/12\/IMG_9338-1-1024x768.jpg"},{"@type":"BreadcrumbList","@id":"https:\/\/eventdjwesel.de\/startseite\/2025\/12\/28\/jedes-jahr-gibt-es-neue-projekte\/#breadcrumb","itemListElement":[{"@type":"ListItem","position":1,"name":"Start","item":"https:\/\/eventdjwesel.de\/startseite\/"},{"@type":"ListItem","position":2,"name":"Jedes Jahr gibt es neue Projekte"}]},{"@type":"WebSite","@id":"https:\/\/eventdjwesel.de\/startseite\/#website","url":"https:\/\/eventdjwesel.de\/startseite\/","name":"","description":"","potentialAction":[{"@type":"SearchAction","target":{"@type":"EntryPoint","urlTemplate":"https:\/\/eventdjwesel.de\/startseite\/?s={search_term_string}"},"query-input":{"@type":"PropertyValueSpecification","valueRequired":true,"valueName":"search_term_string"}}],"inLanguage":"de"},{"@type":"Person","@id":"https:\/\/eventdjwesel.de\/startseite\/#\/schema\/person\/31f558164f98467252459467e930f639","name":"Sebastian","image":{"@type":"ImageObject","inLanguage":"de","@id":"https:\/\/eventdjwesel.de\/startseite\/#\/schema\/person\/image\/","url":"https:\/\/secure.gravatar.com\/avatar\/1b48dfc1be92d8cd6a66bc7145ca35f0ac00f95c103fd25b2a1220faa2204403?s=96&d=mm&r=g","contentUrl":"https:\/\/secure.gravatar.com\/avatar\/1b48dfc1be92d8cd6a66bc7145ca35f0ac00f95c103fd25b2a1220faa2204403?s=96&d=mm&r=g","caption":"Sebastian"},"sameAs":["https:\/\/eventdjwesel.de"],"url":"https:\/\/eventdjwesel.de\/startseite\/author\/sebastian\/"}]}},"_links":{"self":[{"href":"https:\/\/eventdjwesel.de\/startseite\/wp-json\/wp\/v2\/posts\/1086","targetHints":{"allow":["GET"]}}],"collection":[{"href":"https:\/\/eventdjwesel.de\/startseite\/wp-json\/wp\/v2\/posts"}],"about":[{"href":"https:\/\/eventdjwesel.de\/startseite\/wp-json\/wp\/v2\/types\/post"}],"author":[{"embeddable":true,"href":"https:\/\/eventdjwesel.de\/startseite\/wp-json\/wp\/v2\/users\/1"}],"replies":[{"embeddable":true,"href":"https:\/\/eventdjwesel.de\/startseite\/wp-json\/wp\/v2\/comments?post=1086"}],"version-history":[{"count":6,"href":"https:\/\/eventdjwesel.de\/startseite\/wp-json\/wp\/v2\/posts\/1086\/revisions"}],"predecessor-version":[{"id":1095,"href":"https:\/\/eventdjwesel.de\/startseite\/wp-json\/wp\/v2\/posts\/1086\/revisions\/1095"}],"wp:attachment":[{"href":"https:\/\/eventdjwesel.de\/startseite\/wp-json\/wp\/v2\/media?parent=1086"}],"wp:term":[{"taxonomy":"category","embeddable":true,"href":"https:\/\/eventdjwesel.de\/startseite\/wp-json\/wp\/v2\/categories?post=1086"},{"taxonomy":"post_tag","embeddable":true,"href":"https:\/\/eventdjwesel.de\/startseite\/wp-json\/wp\/v2\/tags?post=1086"}],"curies":[{"name":"wp","href":"https:\/\/api.w.org\/{rel}","templated":true}]}}